{"id":311,"date":"2020-04-17T16:31:09","date_gmt":"2020-04-17T16:31:09","guid":{"rendered":"http:\/\/wordpress.agc-fc.com\/?p=311"},"modified":"2020-04-17T16:34:36","modified_gmt":"2020-04-17T16:34:36","slug":"note-sur-la-reprise-apres-le-confinement-2020-2","status":"publish","type":"post","link":"http:\/\/wordpress.agc-fc.com\/?p=311","title":{"rendered":"Note sur la reprise apr\u00e8s le confinement 2020"},"content":{"rendered":"\n<p><strong>SORTIR DU CONFINEMENT,<\/strong> <strong>ERRANCE OU ELAN REFONDATEUR&nbsp;?<\/strong><br><em><strong>R\u00e9flexions pour r\u00e9ussir la reprise de la collaboration<\/strong><\/em><br><em>Par Gwena\u00ebl FAUCHER<\/em><\/p>\n\n\n\n<p>Le confinement est un \u00e9v\u00e8nement majeur dans la vie du collectif, qu\u2019il soit institution, entreprise ou collectivit\u00e9. Un \u00e9v\u00e8nement de cette ampleur est comparable aux crises majeures qui ont marqu\u00e9 le XX\u00e8me si\u00e8cle. Plus exactement, qui ont transform\u00e9 le XX\u00e8me si\u00e8cle.<br>En effet, la crise, au del\u00e0 d\u2019un \u00e9pisode douloureux pour certains, va marquer pour tous une rupture irr\u00e9versible dans la trajectoire du collectif. Selon la fa\u00e7on dont la reprise du vivre ensemble et de la collaboration sera g\u00e9r\u00e9e, cet \u00e9pisode pourra avoir \u00e9t\u00e9 d\u00e9vastateur ou refondateur.<br>La pr\u00e9paration de cette reprise permettra de ne pas laisser la main au hasard et d\u2019en tirer le meilleur des potentiels.<br><a rel=\"noreferrer noopener\" href=\"http:\/\/wordpress.agc-fc.com\/wp-content\/uploads\/2020\/04\/AGC-Billet-Sortir-du-confinement.pdf\" target=\"_blank\"><em>Lire la suite<\/em> &#8230;<\/a><\/p>\n\n\n\n<figure class=\"wp-block-image size-large\"><img decoding=\"async\" loading=\"lazy\" width=\"918\" height=\"1024\" src=\"http:\/\/wordpress.agc-fc.com\/wp-content\/uploads\/2019\/04\/CEF-regles-maison-918x1024.jpg\" alt=\"\" class=\"wp-image-24\" srcset=\"http:\/\/wordpress.agc-fc.com\/wp-content\/uploads\/2019\/04\/CEF-regles-maison-918x1024.jpg 918w, http:\/\/wordpress.agc-fc.com\/wp-content\/uploads\/2019\/04\/CEF-regles-maison-269x300.jpg 269w, http:\/\/wordpress.agc-fc.com\/wp-content\/uploads\/2019\/04\/CEF-regles-maison-768x857.jpg 768w\" sizes=\"(max-width: 767px) 89vw, (max-width: 1000px) 54vw, (max-width: 1071px) 543px, 580px\" \/><\/figure>\n","protected":false},"excerpt":{"rendered":"<p>SORTIR DU CONFINEMENT, ERRANCE OU ELAN REFONDATEUR&nbsp;?R\u00e9flexions pour r\u00e9ussir la reprise de la collaborationPar Gwena\u00ebl FAUCHER Le confinement est un \u00e9v\u00e8nement majeur dans la vie du collectif, qu\u2019il soit institution, entreprise ou collectivit\u00e9. Un \u00e9v\u00e8nement de cette ampleur est comparable aux crises majeures qui ont marqu\u00e9 le XX\u00e8me si\u00e8cle. Plus exactement, qui ont transform\u00e9 le &hellip; <\/p>\n<p class=\"link-more\"><a href=\"http:\/\/wordpress.agc-fc.com\/?p=311\" class=\"more-link\">Continuer la lecture<span class=\"screen-reader-text\"> de &laquo;&nbsp;Note sur la reprise apr\u00e8s le confinement 2020&nbsp;&raquo;<\/span><\/a><\/p>\n","protected":false},"author":1,"featured_media":0,"comment_status":"open","ping_status":"open","sticky":false,"template":"","format":"standard","meta":{"footnotes":""},"categories":[6],"tags":[21,10,20,8,19,7,16,22,18],"_links":{"self":[{"href":"http:\/\/wordpress.agc-fc.com\/index.php?rest_route=\/wp\/v2\/posts\/311"}],"collection":[{"href":"http:\/\/wordpress.agc-fc.com\/index.php?rest_route=\/wp\/v2\/posts"}],"about":[{"href":"http:\/\/wordpress.agc-fc.com\/index.php?rest_route=\/wp\/v2\/types\/post"}],"author":[{"embeddable":true,"href":"http:\/\/wordpress.agc-fc.com\/index.php?rest_route=\/wp\/v2\/users\/1"}],"replies":[{"embeddable":true,"href":"http:\/\/wordpress.agc-fc.com\/index.php?rest_route=%2Fwp%2Fv2%2Fcomments&post=311"}],"version-history":[{"count":3,"href":"http:\/\/wordpress.agc-fc.com\/index.php?rest_route=\/wp\/v2\/posts\/311\/revisions"}],"predecessor-version":[{"id":314,"href":"http:\/\/wordpress.agc-fc.com\/index.php?rest_route=\/wp\/v2\/posts\/311\/revisions\/314"}],"wp:attachment":[{"href":"http:\/\/wordpress.agc-fc.com\/index.php?rest_route=%2Fwp%2Fv2%2Fmedia&parent=311"}],"wp:term":[{"taxonomy":"category","embeddable":true,"href":"http:\/\/wordpress.agc-fc.com\/index.php?rest_route=%2Fwp%2Fv2%2Fcategories&post=311"},{"taxonomy":"post_tag","embeddable":true,"href":"http:\/\/wordpress.agc-fc.com\/index.php?rest_route=%2Fwp%2Fv2%2Ftags&post=311"}],"curies":[{"name":"wp","href":"https:\/\/api.w.org\/{rel}","templated":true}]}}