{"id":309,"date":"2020-04-17T16:28:11","date_gmt":"2020-04-17T16:28:11","guid":{"rendered":"http:\/\/wordpress.agc-fc.com\/?p=309"},"modified":"2020-04-17T16:28:11","modified_gmt":"2020-04-17T16:28:11","slug":"publication-de-lart-delicat-de-la-relation-sociale","status":"publish","type":"post","link":"http:\/\/wordpress.agc-fc.com\/?p=309","title":{"rendered":"Publication de \u00ab\u00a0L&rsquo;Art d\u00e9licat de la relation sociale\u00a0\u00bb"},"content":{"rendered":"\n<p>Le <a href=\"http:\/\/pedagogie.valeur-relation-sociale.com\/mod\/url\/view.php?id=62\">r\u00e9seau Valeur Relation Sociale<\/a> est heureux de vous annoncer la sortie du premier livre qu&rsquo;il publie : \u00ab\u00a0L&rsquo;Art d\u00e9licat de la relation sociale\u00a0\u00bb (408 pages).<br>Ce travail est fond\u00e9 sur 20 ans de pratique de la relation sociale complexe, parfois critique, sur une base de plus de 700 cas de tensions et de conflits, apr\u00e8s 3 ann\u00e9es de travail, en partie sur les \u00e9changes avec certains d&rsquo;entre vous lors des sessions de formation. Il s&rsquo;adresse \u00e0 toute personne en situation de responsabilit\u00e9 ou de gestion d&rsquo;une \u00e9quipe, d&rsquo;un projet, d&rsquo;un accompagnement, d&rsquo;une relation&#8230; Il s&rsquo;applique \u00e0 toutes les formes de relation. Il touchera aussi bien d\u00e9cideurs strat\u00e9giques, managers, enseignant, personnel social et soignant, \u00e9ducateurs &#8230;, comme chacun dans sa relation aux autres. Un travail de fond qui croise concepts, m\u00e9thodologie et outils op\u00e9rationnels, pour apprendre \u00e0 d\u00e9crypter les situations, identifier et analyser les clefs logiques&#8230; Il propose de comprendre ce qui se passe pour mieux savoir y faire face, imm\u00e9diatement et durablement. <br>Disponible en librairies, sur <a rel=\"noreferrer noopener\" href=\"http:\/\/fnac.com\/\" target=\"_blank\">FNAC.com<\/a>, sur Amazon, les \u00e9l\u00e9ments sont sur la page des \u00c9ditions AGC &#8211; VRS, sur le site <a rel=\"noreferrer noopener\" href=\"https:\/\/lnkd.in\/eyUHtPu\" target=\"_blank\">https:\/\/lnkd.in\/eyUHtPu<\/a>. <br><br><em><a href=\"http:\/\/valeur-relation-sociale.com\/?page_id=143\" target=\"_blank\" rel=\"noreferrer noopener\">En savoir plus &#8230;<\/a><\/em><\/p>\n\n\n\n<figure class=\"wp-block-image size-large\"><img decoding=\"async\" loading=\"lazy\" width=\"1024\" height=\"750\" src=\"http:\/\/wordpress.agc-fc.com\/wp-content\/uploads\/2019\/04\/PUBLICATION-LArt-d\u00e9licat-de-la-relation-sociale-couverture-1024x750.jpg\" alt=\"\" class=\"wp-image-33\" srcset=\"http:\/\/wordpress.agc-fc.com\/wp-content\/uploads\/2019\/04\/PUBLICATION-LArt-d\u00e9licat-de-la-relation-sociale-couverture-1024x750.jpg 1024w, http:\/\/wordpress.agc-fc.com\/wp-content\/uploads\/2019\/04\/PUBLICATION-LArt-d\u00e9licat-de-la-relation-sociale-couverture-300x220.jpg 300w, http:\/\/wordpress.agc-fc.com\/wp-content\/uploads\/2019\/04\/PUBLICATION-LArt-d\u00e9licat-de-la-relation-sociale-couverture-768x562.jpg 768w\" sizes=\"(max-width: 767px) 89vw, (max-width: 1000px) 54vw, (max-width: 1071px) 543px, 580px\" \/><\/figure>\n\n\n\n<p><\/p>\n","protected":false},"excerpt":{"rendered":"<p>Le r\u00e9seau Valeur Relation Sociale est heureux de vous annoncer la sortie du premier livre qu&rsquo;il publie : \u00ab\u00a0L&rsquo;Art d\u00e9licat de la relation sociale\u00a0\u00bb (408 pages).Ce travail est fond\u00e9 sur 20 ans de pratique de la relation sociale complexe, parfois critique, sur une base de plus de 700 cas de tensions et de conflits, apr\u00e8s &hellip; <\/p>\n<p class=\"link-more\"><a href=\"http:\/\/wordpress.agc-fc.com\/?p=309\" class=\"more-link\">Continuer la lecture<span class=\"screen-reader-text\"> de &laquo;&nbsp;Publication de \u00ab\u00a0L&rsquo;Art d\u00e9licat de la relation sociale\u00a0\u00bb&nbsp;&raquo;<\/span><\/a><\/p>\n","protected":false},"author":1,"featured_media":0,"comment_status":"open","ping_status":"open","sticky":false,"template":"","format":"standard","meta":{"footnotes":""},"categories":[14],"tags":[],"_links":{"self":[{"href":"http:\/\/wordpress.agc-fc.com\/index.php?rest_route=\/wp\/v2\/posts\/309"}],"collection":[{"href":"http:\/\/wordpress.agc-fc.com\/index.php?rest_route=\/wp\/v2\/posts"}],"about":[{"href":"http:\/\/wordpress.agc-fc.com\/index.php?rest_route=\/wp\/v2\/types\/post"}],"author":[{"embeddable":true,"href":"http:\/\/wordpress.agc-fc.com\/index.php?rest_route=\/wp\/v2\/users\/1"}],"replies":[{"embeddable":true,"href":"http:\/\/wordpress.agc-fc.com\/index.php?rest_route=%2Fwp%2Fv2%2Fcomments&post=309"}],"version-history":[{"count":1,"href":"http:\/\/wordpress.agc-fc.com\/index.php?rest_route=\/wp\/v2\/posts\/309\/revisions"}],"predecessor-version":[{"id":310,"href":"http:\/\/wordpress.agc-fc.com\/index.php?rest_route=\/wp\/v2\/posts\/309\/revisions\/310"}],"wp:attachment":[{"href":"http:\/\/wordpress.agc-fc.com\/index.php?rest_route=%2Fwp%2Fv2%2Fmedia&parent=309"}],"wp:term":[{"taxonomy":"category","embeddable":true,"href":"http:\/\/wordpress.agc-fc.com\/index.php?rest_route=%2Fwp%2Fv2%2Fcategories&post=309"},{"taxonomy":"post_tag","embeddable":true,"href":"http:\/\/wordpress.agc-fc.com\/index.php?rest_route=%2Fwp%2Fv2%2Ftags&post=309"}],"curies":[{"name":"wp","href":"https:\/\/api.w.org\/{rel}","templated":true}]}}