{"id":306,"date":"2020-04-17T16:20:09","date_gmt":"2020-04-17T16:20:09","guid":{"rendered":"http:\/\/wordpress.agc-fc.com\/?p=306"},"modified":"2020-04-17T16:23:12","modified_gmt":"2020-04-17T16:23:12","slug":"sortie-du-livre-le-chantier-international-de-volontaires-un-outil-pour-le-developpement-concret-de-la-mixite-sociale","status":"publish","type":"post","link":"http:\/\/wordpress.agc-fc.com\/?p=306","title":{"rendered":"Sortie du Livre \u00ab\u00a0Le chantier international de volontaires, un outil pour le d\u00e9veloppement concret de la mixit\u00e9 sociale\u00a0\u00bb"},"content":{"rendered":"\n<p>Le r\u00e9seau AGC-VRS est heureux de vous partager la sortie de son <a rel=\"noreferrer noopener\" target=\"_blank\" href=\"http:\/\/valeur-relation-sociale.com\/?page_id=151\">deuxi\u00e8me livre<\/a>,&nbsp;\u00ab&nbsp;<strong>Le Chantier International de Volontaires, un outil concret pour le d\u00e9clenchement de la mixit\u00e9 et de la coh\u00e9sion sociale\u00a0\u00bb :&nbsp;<\/strong>Gwena\u00ebl FAUCHER, 2005 \u2013 2019.<br>Il pr\u00e9sente le volontariat international et son utilisation comme outil de m\u00e9diation locale, entre les territoires, les espaces et entre les populations et les \u00e9lus :&nbsp;<br>Une approche g\u00e9ographique et sociale qui \u00e9tudie la possibilit\u00e9 de remobiliser les populations autour de projets locaux, en rappelant les enjeux de soci\u00e9t\u00e9 autour de la ville et la place de l&rsquo;humain dans la pens\u00e9e de la gouvernance.<br><strong>Collection \u00ab&nbsp;&nbsp;\u00bb\u00c9crits op\u00e9rationnels&nbsp;\u00bb &#8211;&nbsp;R\u00e9li\u00e9, papier 80 grammes, 138 pages.&nbsp; &#8211;&nbsp;ISBN : 9782956607108<\/strong><br><br><a rel=\"noreferrer noopener\" href=\"http:\/\/valeur-relation-sociale.com\/?page_id=151\" target=\"_blank\">En savoir plus &#8230;<\/a><\/p>\n\n\n\n<figure class=\"wp-block-image size-large\"><img decoding=\"async\" loading=\"lazy\" width=\"1024\" height=\"778\" src=\"http:\/\/wordpress.agc-fc.com\/wp-content\/uploads\/2019\/04\/CVI-Projet-final-version-2019-couverture-v2-1024x778.jpg\" alt=\"\" class=\"wp-image-235\" srcset=\"http:\/\/wordpress.agc-fc.com\/wp-content\/uploads\/2019\/04\/CVI-Projet-final-version-2019-couverture-v2-1024x778.jpg 1024w, http:\/\/wordpress.agc-fc.com\/wp-content\/uploads\/2019\/04\/CVI-Projet-final-version-2019-couverture-v2-300x228.jpg 300w, http:\/\/wordpress.agc-fc.com\/wp-content\/uploads\/2019\/04\/CVI-Projet-final-version-2019-couverture-v2-768x584.jpg 768w, http:\/\/wordpress.agc-fc.com\/wp-content\/uploads\/2019\/04\/CVI-Projet-final-version-2019-couverture-v2.jpg 1790w\" sizes=\"(max-width: 767px) 89vw, (max-width: 1000px) 54vw, (max-width: 1071px) 543px, 580px\" \/><\/figure>\n\n\n\n<p><\/p>\n","protected":false},"excerpt":{"rendered":"<p>Le r\u00e9seau AGC-VRS est heureux de vous partager la sortie de son deuxi\u00e8me livre,&nbsp;\u00ab&nbsp;Le Chantier International de Volontaires, un outil concret pour le d\u00e9clenchement de la mixit\u00e9 et de la coh\u00e9sion sociale\u00a0\u00bb :&nbsp;Gwena\u00ebl FAUCHER, 2005 \u2013 2019.Il pr\u00e9sente le volontariat international et son utilisation comme outil de m\u00e9diation locale, entre les territoires, les espaces et &hellip; <\/p>\n<p class=\"link-more\"><a href=\"http:\/\/wordpress.agc-fc.com\/?p=306\" class=\"more-link\">Continuer la lecture<span class=\"screen-reader-text\"> de &laquo;&nbsp;Sortie du Livre \u00ab\u00a0Le chantier international de volontaires, un outil pour le d\u00e9veloppement concret de la mixit\u00e9 sociale\u00a0\u00bb&nbsp;&raquo;<\/span><\/a><\/p>\n","protected":false},"author":1,"featured_media":0,"comment_status":"open","ping_status":"open","sticky":false,"template":"","format":"standard","meta":{"footnotes":""},"categories":[14],"tags":[],"_links":{"self":[{"href":"http:\/\/wordpress.agc-fc.com\/index.php?rest_route=\/wp\/v2\/posts\/306"}],"collection":[{"href":"http:\/\/wordpress.agc-fc.com\/index.php?rest_route=\/wp\/v2\/posts"}],"about":[{"href":"http:\/\/wordpress.agc-fc.com\/index.php?rest_route=\/wp\/v2\/types\/post"}],"author":[{"embeddable":true,"href":"http:\/\/wordpress.agc-fc.com\/index.php?rest_route=\/wp\/v2\/users\/1"}],"replies":[{"embeddable":true,"href":"http:\/\/wordpress.agc-fc.com\/index.php?rest_route=%2Fwp%2Fv2%2Fcomments&post=306"}],"version-history":[{"count":2,"href":"http:\/\/wordpress.agc-fc.com\/index.php?rest_route=\/wp\/v2\/posts\/306\/revisions"}],"predecessor-version":[{"id":308,"href":"http:\/\/wordpress.agc-fc.com\/index.php?rest_route=\/wp\/v2\/posts\/306\/revisions\/308"}],"wp:attachment":[{"href":"http:\/\/wordpress.agc-fc.com\/index.php?rest_route=%2Fwp%2Fv2%2Fmedia&parent=306"}],"wp:term":[{"taxonomy":"category","embeddable":true,"href":"http:\/\/wordpress.agc-fc.com\/index.php?rest_route=%2Fwp%2Fv2%2Fcategories&post=306"},{"taxonomy":"post_tag","embeddable":true,"href":"http:\/\/wordpress.agc-fc.com\/index.php?rest_route=%2Fwp%2Fv2%2Ftags&post=306"}],"curies":[{"name":"wp","href":"https:\/\/api.w.org\/{rel}","templated":true}]}}